{"id":44188,"date":"2021-07-30T10:42:00","date_gmt":"2021-07-30T14:42:00","guid":{"rendered":"https:\/\/www.shortform.com\/blog\/?p=44188"},"modified":"2021-08-08T19:55:07","modified_gmt":"2021-08-08T23:55:07","slug":"the-power-of-vulnerability-ted-talk","status":"publish","type":"post","link":"https:\/\/www.shortform.com\/blog\/the-power-of-vulnerability-ted-talk\/","title":{"rendered":"Bren\u00e9 Brown: The Power of Vulnerability TED Talk"},"content":{"rendered":"\n<p>Looking for the key parts of Bren\u00e9 Brown&#8217;s <em>The Power of Vulnerability <\/em>TED Talk? What can you learn from Bren\u00e9 Brown about vulnerability, shame, and <a href=\"https:\/\/www.shortform.com\/blog\/wholehearted-living\/\">wholehearted living<\/a>?<\/p>\n\n\n\n<p>In Bren\u00e9 Brown&#8217;s <em>The Power of Vulnerability <\/em>TED Talk, she discusses the fact that people today are more lonely, more obese, and more addicted than ever before. In her TED Talk, Brown breaks down the various aspects of shame, addresses the importance of vulnerability, and teaches how to <a href=\"https:\/\/www.shortform.com\/blog\/living-wholeheartedly\/\">live wholeheartedly<\/a>. <\/p>\n\n\n\n<p>Continue reading for an overview of <em>The Power of Vulnerability. <\/em><\/p>\n\n\n\n<!--more-->\n\n\n\n<h2 class=\"wp-block-heading\">The Power of Vulnerability <\/h2>\n\n\n\n<p><strong>Many of us don\u2019t want to discuss shame or vulnerability. <\/strong>To deal with our problems, we want positive, straightforward \u201chow-to\u201d explanations that allow us to avoid vulnerability and that offer happiness, beauty, or joy. However, \u201chow-to\u201d explanations don\u2019t work because they don\u2019t address the causes of negative emotions.<\/p>\n\n\n\n<p>In fact, today, people are lonelier, more obese, and more addicted than ever before because <strong>they opt to distract or numb themselves rather than address their insecurities or shame.<\/strong> For example, rather than dealing with the cause of their depression, many develop addictions to prescription drugs to \u201cescape\u201d their emotional trauma. Bren\u00e9 Brown goes over all of these topics in her <em>The Power of Vulnerability <\/em>TED Talk.<\/p>\n\n\n\n<h3 class=\"wp-block-heading\"><strong>What Is Scarcity Culture?<\/strong><\/h3>\n\n\n\n<p>Our tendency toward numbing behaviors is the result of scarcity culture. <strong>Scarcity culture operates under the belief that we\u2019re never \u201cenough.\u201d<\/strong> For example, when things go wrong, we often tell ourselves we\u2019re not wealthy enough, strong enough, or happy enough.&nbsp;<\/p>\n\n\n\n<p>This fear drives modern culture, infecting everything from political campaigns to the college admission process. For example, political candidates often offer dystopian views of the future under their opponent, stoking the fears of their base. Similarly, high school counselors often offer dystopian views of the future if students don\u2019t get into the \u201cbest\u201d college, stoking the fears of teenagers and their parents.<\/p>\n\n\n\n<h3 class=\"wp-block-heading\"><strong>Wholehearted Living<\/strong><\/h3>\n\n\n\n<p><strong>Scarcity culture can be subverted by wholehearted living.<\/strong> You can achieve wholehearted living by embracing vulnerability and accepting that you are worthy of love and belonging. Most people aren\u2019t raised in a wholehearted way, leaving most to work toward the lifestyle on their own.&nbsp;<\/p>\n\n\n\n<p>Because shame and scarcity culture have many ways of developing, <strong>wholehearted living requires constant reflection and self-care.<\/strong> Knowing yourself gives you insight, but actively taking care of yourself builds your self-worth. There are three aspects to wholehearted living: love, belonging, and vulnerability.<\/p>\n\n\n\n<h4 class=\"wp-block-heading\"><strong>Love&nbsp;<\/strong><\/h4>\n\n\n\n<p><strong>Love is a deep connection that operates on respect, affection, and kindness. <\/strong>It isn\u2019t something that you can simply offer or receive, but requires cultivation and growth over time. You can only love someone else as much as you love yourself. If you don\u2019t believe that you\u2019re loveable, you will put up walls that will prevent others from developing sincere relationships with you.&nbsp;<\/p>\n\n\n\n<h4 class=\"wp-block-heading\"><strong>Belonging<\/strong><\/h4>\n\n\n\n<p><strong>Belonging is our intrinsic desire to be a part of something larger than ourselves.<\/strong> Often, we try to change our behavior to fit in based on other people\u2019s expectations. However, this behavior is unfulfilling and creates more barriers to <em>true<\/em> belonging. True belonging requires that you share your authentic self with the world to connect with other people, linking your <a href=\"https:\/\/www.shortform.com\/blog\/create-a-sense-of-belonging\/\">sense of belonging<\/a> to self-acceptance.&nbsp;<\/p>\n\n\n\n<h4 class=\"wp-block-heading\"><strong>Vulnerability<\/strong><\/h4>\n\n\n\n<p><strong>Vulnerability is the willingness to show up and share your authentic self while knowing that you have no control over the outcome of your interactions.<\/strong> Vulnerability removes defensiveness, promotes empathy, and bolsters creativity. Many associate vulnerability with weakness and push people away out of fear of rejection or ridicule. However, you can\u2019t experience wholeheartedness without it.&nbsp;<\/p>\n\n\n\n<h3 class=\"wp-block-heading\"><strong>Shame and Empathy<\/strong><\/h3>\n\n\n\n<p><strong>Shame is insecurity that attaches to self-identity and gets in the way of action or vulnerability.<\/strong> It causes people to believe that they\u2019re unworthy or unloveable. For example, if you feel shame about the way you look, and someone rejects you romantically, you may believe that you\u2019re not \u201cattractive enough,\u201d diminishing your self-worth in the process.<\/p>\n\n\n\n<p>Shame relies on people believing that their experience with insecurity is unrelatable, creating a sense of loneliness. <strong>Though shame feels isolating, everyone experiences it<\/strong> (with the exception of severe psychopaths). While no one <em>wants<\/em> to share their insecurities, talking about shame is the only way to diminish its power because, once you know that you\u2019re not alone, shame loses its leverage.&nbsp;<\/p>\n\n\n\n<h4 class=\"wp-block-heading\"><strong>Common Sources of Shame<\/strong><\/h4>\n\n\n\n<p><strong>Shame often develops in childhood and lingers throughout adulthood.<\/strong> The roots of shame are often built at home or at school and are frequently a result of interactions with authority figures such as teachers or parents. For example, if a teacher calls a student \u201cstupid\u201d in front of the class for forgetting to put their name on their paper, that student may develop shame around their intelligence.&nbsp;<\/p>\n\n\n\n<p>In addition to teachers and parents, negative interactions with siblings often cause shame. Siblings know each other\u2019s triggers and often abuse that knowledge through name-calling, physical abuse, and other cruel practices. These may occur during fights and are usually outlets for unrelated anger.&nbsp;<\/p>\n\n\n\n<h5 class=\"wp-block-heading\">Shame Triggers&nbsp;<\/h5>\n\n\n\n<p><strong><a href=\"https:\/\/www.shortform.com\/blog\/why-do-we-feel-shame\/\">Shame triggers<\/a> are topics that evoke emotional responses based on your insecurities. <\/strong>These triggers are often developed in childhood but carry on into adulthood. For example, if you were raised to believe that laziness is unacceptable, you may view taking breaks or getting sick as unacceptable because they keep you from working. This may cause you to make unhealthy decisions and overwork yourself to avoid your shame.<\/p>\n\n\n\n<h4 class=\"wp-block-heading\"><strong>Handling Shame<\/strong><\/h4>\n\n\n\n<p>Unfortunately, shame is a part of life. There isn\u2019t a way to eradicate it, but you can deal with it healthily:&nbsp;<\/p>\n\n\n\n<p><strong>First, understand that self-worth has no prerequisites.<\/strong> You don\u2019t have to do anything to be \u201cworthy\u201d of love and belonging. If you feel you have to prove yourself, you\u2019re allowing your shame to dictate your behavior.<\/p>\n\n\n\n<p><strong>Second, when bad things happen, don\u2019t allow them to dictate your self-worth.<\/strong> Don\u2019t allow your guilt or humiliation to turn into shame. Instead of saying, \u201cI\u2019m a bad person,\u201d tell yourself, \u201cI made a bad decision, and I\u2019m working to fix it.\u201d<\/p>\n\n\n\n<p><strong>Third, accountability is important, but never at the cost of shaming. <\/strong>This applies to how you treat yourself as well as how you treat others.&nbsp;<\/p>\n\n\n\n<p><strong>Fourth, practice <a href=\"https:\/\/www.shortform.com\/blog\/shame-resilience\/\">shame resilience<\/a>. <\/strong>Shame resilience is the ability to recognize and discuss shame. There are four keys to shame resilience:<\/p>\n\n\n\n<ul class=\"wp-block-list\"><li><strong>You\u2019re willing to call shame, \u201cshame.\u201d<\/strong> Don\u2019t try to bury or brush off your feelings as that will only lead to them coming back stronger due to repression.<\/li><li><strong>You know what you&#8217;re <a href=\"https:\/\/www.shortform.com\/blog\/feeling-ashamed\/\">feeling ashamed<\/a> about and you know what triggered it.<\/strong> For example, you may feel insecure about your intelligence after someone gives you feedback on your work.&nbsp;<\/li><li><strong>You can separate your reality from other people\u2019s expectations. <\/strong>For example, if you struggle with being perceived as weak, embrace that you can\u2019t realistically <a href=\"https:\/\/www.shortform.com\/blog\/how-to-start-living-a-healthy-lifestyle\/\">live a healthy life<\/a> while repressing your emotions to appear \u201cstrong.\u201d<\/li><li><strong>You can reach out to people you trust and talk about your shame. <\/strong>These should be people who have earned your trust and who can bear the weight of your story.<\/li><\/ul>\n\n\n\n<h5 class=\"wp-block-heading\">Empathy: The Antidote to Shame<\/h5>\n\n\n\n<p><strong>Empathy is the ability to see the world as others see it and understand another person\u2019s feelings. <\/strong>Shame can\u2019t grow in an environment of empathy because understanding eradicates insecurity.&nbsp;<\/p>\n\n\n\n<p>Empathy isn\u2019t the default for most people because it can be challenging or uncomfortable. It requires setting your personal perspective or problems aside and meeting someone at their current emotional level. There are two key elements to empathy: perspective-taking and nonjudgmental understanding.<\/p>\n\n\n\n<ul class=\"wp-block-list\"><li><strong>Perspective-taking: <\/strong>Perspective-taking is the ability to look at a situation from another person\u2019s perspective instead of your own. Everyone has a \u201clens\u201d through which they experience the world. To be empathetic, separate yourself from your personal \u201clens\u201d and accept that someone else\u2019s lens is just as important.&nbsp;<\/li><li><strong>Nonjudgmental understanding:<\/strong> Nonjudgmental understanding requires the setting aside of personal shame to prevent judgmental feelings or actions. To practice nonjudgmental understanding, share your vulnerability, give others your full attention, and be willing to meet people where they <em>are<\/em>, not where you want<em> <\/em>them to <em>be<\/em>.&nbsp;<\/li><\/ul>\n","protected":false},"excerpt":{"rendered":"<p>Looking for the key parts of Bren\u00e9 Brown&#8217;s The Power of Vulnerability TED Talk? What can you learn from Bren\u00e9 Brown about vulnerability, shame, and wholehearted living? In Bren\u00e9 Brown&#8217;s The Power of Vulnerability TED Talk, she discusses the fact that people today are more lonely, more obese, and more addicted than ever before. In her TED Talk, Brown breaks down the various aspects of shame, addresses the importance of vulnerability, and teaches how to live wholeheartedly. Continue reading for an overview of The Power of Vulnerability.<\/p>\n","protected":false},"author":8,"featured_media":44234,"comment_status":"open","ping_status":"open","sticky":false,"template":"","format":"standard","meta":{"_jetpack_memberships_contains_paid_content":false,"footnotes":""},"categories":[40,42,43],"tags":[445],"class_list":["post-44188","post","type-post","status-publish","format-standard","has-post-thumbnail","hentry","category-books","category-motivation","category-self-improvement","tag-the-power-of-vulnerability","","tg-column-two"],"yoast_head":"<!-- This site is optimized with the Yoast SEO Premium plugin v24.3 (Yoast SEO v24.3) - https:\/\/yoast.com\/wordpress\/plugins\/seo\/ -->\n<title>Bren\u00e9 Brown: The Power of Vulnerability TED Talk - Shortform Books<\/title>\n<meta name=\"description\" content=\"In Bren\u00e9 Brown&#039;s TED Talk &quot;The Power of Vulnerability,&quot; Brown discusses vulnerability, shame, and wholehearted living. Here&#039;s an overview.\" \/>\n<meta name=\"robots\" content=\"index, follow, max-snippet:-1, max-image-preview:large, max-video-preview:-1\" \/>\n<link rel=\"canonical\" href=\"https:\/\/www.shortform.com\/blog\/the-power-of-vulnerability-ted-talk\/\" \/>\n<meta property=\"og:locale\" content=\"en_US\" \/>\n<meta property=\"og:type\" content=\"article\" \/>\n<meta property=\"og:title\" content=\"Bren\u00e9 Brown: The Power of Vulnerability TED Talk\" \/>\n<meta property=\"og:description\" content=\"In Bren\u00e9 Brown&#039;s TED Talk &quot;The Power of Vulnerability,&quot; Brown discusses vulnerability, shame, and wholehearted living. Here&#039;s an overview.\" \/>\n<meta property=\"og:url\" content=\"https:\/\/www.shortform.com\/blog\/the-power-of-vulnerability-ted-talk\/\" \/>\n<meta property=\"og:site_name\" content=\"Shortform Books\" \/>\n<meta property=\"article:published_time\" content=\"2021-07-30T14:42:00+00:00\" \/>\n<meta property=\"article:modified_time\" content=\"2021-08-08T23:55:07+00:00\" \/>\n<meta property=\"og:image\" content=\"https:\/\/s3.amazonaws.com\/wordpress.shortform.com\/blog\/wp-content\/uploads\/2021\/08\/brene-brown-TED.jpg\" \/>\n\t<meta property=\"og:image:width\" content=\"892\" \/>\n\t<meta property=\"og:image:height\" content=\"513\" \/>\n\t<meta property=\"og:image:type\" content=\"image\/jpeg\" \/>\n<meta name=\"author\" content=\"Hannah Aster\" \/>\n<meta name=\"twitter:card\" content=\"summary_large_image\" \/>\n<meta name=\"twitter:label1\" content=\"Written by\" \/>\n\t<meta name=\"twitter:data1\" content=\"Hannah Aster\" \/>\n\t<meta name=\"twitter:label2\" content=\"Est. reading time\" \/>\n\t<meta name=\"twitter:data2\" content=\"6 minutes\" \/>\n<script type=\"application\/ld+json\" class=\"yoast-schema-graph\">{\"@context\":\"https:\/\/schema.org\",\"@graph\":[{\"@type\":\"Article\",\"@id\":\"https:\/\/www.shortform.com\/blog\/the-power-of-vulnerability-ted-talk\/#article\",\"isPartOf\":{\"@id\":\"https:\/\/www.shortform.com\/blog\/the-power-of-vulnerability-ted-talk\/\"},\"author\":{\"name\":\"Hannah Aster\",\"@id\":\"https:\/\/www.shortform.com\/blog\/#\/schema\/person\/f39f52830e4f7039a16e45d12354542f\"},\"headline\":\"Bren\u00e9 Brown: The Power of Vulnerability TED Talk\",\"datePublished\":\"2021-07-30T14:42:00+00:00\",\"dateModified\":\"2021-08-08T23:55:07+00:00\",\"mainEntityOfPage\":{\"@id\":\"https:\/\/www.shortform.com\/blog\/the-power-of-vulnerability-ted-talk\/\"},\"wordCount\":1388,\"commentCount\":0,\"publisher\":{\"@id\":\"https:\/\/www.shortform.com\/blog\/#organization\"},\"image\":{\"@id\":\"https:\/\/www.shortform.com\/blog\/the-power-of-vulnerability-ted-talk\/#primaryimage\"},\"thumbnailUrl\":\"https:\/\/www.shortform.com\/blog\/wp-content\/uploads\/2021\/08\/brene-brown-TED.jpg\",\"keywords\":[\"The Power of Vulnerability\"],\"articleSection\":[\"Books\",\"Motivation\",\"Self-Improvement\"],\"inLanguage\":\"en-US\",\"potentialAction\":[{\"@type\":\"CommentAction\",\"name\":\"Comment\",\"target\":[\"https:\/\/www.shortform.com\/blog\/the-power-of-vulnerability-ted-talk\/#respond\"]}]},{\"@type\":\"WebPage\",\"@id\":\"https:\/\/www.shortform.com\/blog\/the-power-of-vulnerability-ted-talk\/\",\"url\":\"https:\/\/www.shortform.com\/blog\/the-power-of-vulnerability-ted-talk\/\",\"name\":\"Bren\u00e9 Brown: The Power of Vulnerability TED Talk - Shortform Books\",\"isPartOf\":{\"@id\":\"https:\/\/www.shortform.com\/blog\/#website\"},\"primaryImageOfPage\":{\"@id\":\"https:\/\/www.shortform.com\/blog\/the-power-of-vulnerability-ted-talk\/#primaryimage\"},\"image\":{\"@id\":\"https:\/\/www.shortform.com\/blog\/the-power-of-vulnerability-ted-talk\/#primaryimage\"},\"thumbnailUrl\":\"https:\/\/www.shortform.com\/blog\/wp-content\/uploads\/2021\/08\/brene-brown-TED.jpg\",\"datePublished\":\"2021-07-30T14:42:00+00:00\",\"dateModified\":\"2021-08-08T23:55:07+00:00\",\"description\":\"In Bren\u00e9 Brown's TED Talk \\\"The Power of Vulnerability,\\\" Brown discusses vulnerability, shame, and wholehearted living. Here's an overview.\",\"breadcrumb\":{\"@id\":\"https:\/\/www.shortform.com\/blog\/the-power-of-vulnerability-ted-talk\/#breadcrumb\"},\"inLanguage\":\"en-US\",\"potentialAction\":[{\"@type\":\"ReadAction\",\"target\":[\"https:\/\/www.shortform.com\/blog\/the-power-of-vulnerability-ted-talk\/\"]}]},{\"@type\":\"ImageObject\",\"inLanguage\":\"en-US\",\"@id\":\"https:\/\/www.shortform.com\/blog\/the-power-of-vulnerability-ted-talk\/#primaryimage\",\"url\":\"https:\/\/www.shortform.com\/blog\/wp-content\/uploads\/2021\/08\/brene-brown-TED.jpg\",\"contentUrl\":\"https:\/\/www.shortform.com\/blog\/wp-content\/uploads\/2021\/08\/brene-brown-TED.jpg\",\"width\":892,\"height\":513},{\"@type\":\"BreadcrumbList\",\"@id\":\"https:\/\/www.shortform.com\/blog\/the-power-of-vulnerability-ted-talk\/#breadcrumb\",\"itemListElement\":[{\"@type\":\"ListItem\",\"position\":1,\"name\":\"Home\",\"item\":\"https:\/\/www.shortform.com\/blog\/\"},{\"@type\":\"ListItem\",\"position\":2,\"name\":\"Bren\u00e9 Brown: The Power of Vulnerability TED Talk\"}]},{\"@type\":\"WebSite\",\"@id\":\"https:\/\/www.shortform.com\/blog\/#website\",\"url\":\"https:\/\/www.shortform.com\/blog\/\",\"name\":\"Shortform Books\",\"description\":\"The World&#039;s Best Book Summaries\",\"publisher\":{\"@id\":\"https:\/\/www.shortform.com\/blog\/#organization\"},\"potentialAction\":[{\"@type\":\"SearchAction\",\"target\":{\"@type\":\"EntryPoint\",\"urlTemplate\":\"https:\/\/www.shortform.com\/blog\/?s={search_term_string}\"},\"query-input\":{\"@type\":\"PropertyValueSpecification\",\"valueRequired\":true,\"valueName\":\"search_term_string\"}}],\"inLanguage\":\"en-US\"},{\"@type\":\"Organization\",\"@id\":\"https:\/\/www.shortform.com\/blog\/#organization\",\"name\":\"Shortform Books\",\"url\":\"https:\/\/www.shortform.com\/blog\/\",\"logo\":{\"@type\":\"ImageObject\",\"inLanguage\":\"en-US\",\"@id\":\"https:\/\/www.shortform.com\/blog\/#\/schema\/logo\/image\/\",\"url\":\"https:\/\/www.shortform.com\/blog\/wp-content\/uploads\/2019\/06\/logo-equilateral-with-text-no-bg.png\",\"contentUrl\":\"https:\/\/www.shortform.com\/blog\/wp-content\/uploads\/2019\/06\/logo-equilateral-with-text-no-bg.png\",\"width\":500,\"height\":74,\"caption\":\"Shortform Books\"},\"image\":{\"@id\":\"https:\/\/www.shortform.com\/blog\/#\/schema\/logo\/image\/\"}},{\"@type\":\"Person\",\"@id\":\"https:\/\/www.shortform.com\/blog\/#\/schema\/person\/f39f52830e4f7039a16e45d12354542f\",\"name\":\"Hannah Aster\",\"image\":{\"@type\":\"ImageObject\",\"inLanguage\":\"en-US\",\"@id\":\"https:\/\/www.shortform.com\/blog\/#\/schema\/person\/image\/\",\"url\":\"https:\/\/secure.gravatar.com\/avatar\/0302cb2690b70a21639bc6873e587f42d39d02385b7e59d8efd0d3e000ae7681?s=96&d=mm&r=g\",\"contentUrl\":\"https:\/\/secure.gravatar.com\/avatar\/0302cb2690b70a21639bc6873e587f42d39d02385b7e59d8efd0d3e000ae7681?s=96&d=mm&r=g\",\"caption\":\"Hannah Aster\"},\"description\":\"Hannah is a seasoned writer and editor who started her journey with Shortform nearly five years ago. She grew up reading mostly fiction books but transitioned to non-fiction writing when she started her travel website in 2018. When she's not writing or traveling, you can find Hannah working on home reno projects, crafting, or taking care of plants.\",\"knowsAbout\":[\"Graduated summa cum laude with a bachelor's degree in English and minors in professional and creative writing\"],\"jobTitle\":\"SEO Team Lead\",\"worksFor\":\"Shortform\",\"url\":\"https:\/\/www.shortform.com\/blog\/author\/hannah\/\"}]}<\/script>\n<!-- \/ Yoast SEO Premium plugin. -->","yoast_head_json":{"title":"Bren\u00e9 Brown: The Power of Vulnerability TED Talk - Shortform Books","description":"In Bren\u00e9 Brown's TED Talk \"The Power of Vulnerability,\" Brown discusses vulnerability, shame, and wholehearted living. Here's an overview.","robots":{"index":"index","follow":"follow","max-snippet":"max-snippet:-1","max-image-preview":"max-image-preview:large","max-video-preview":"max-video-preview:-1"},"canonical":"https:\/\/www.shortform.com\/blog\/the-power-of-vulnerability-ted-talk\/","og_locale":"en_US","og_type":"article","og_title":"Bren\u00e9 Brown: The Power of Vulnerability TED Talk","og_description":"In Bren\u00e9 Brown's TED Talk \"The Power of Vulnerability,\" Brown discusses vulnerability, shame, and wholehearted living. Here's an overview.","og_url":"https:\/\/www.shortform.com\/blog\/the-power-of-vulnerability-ted-talk\/","og_site_name":"Shortform Books","article_published_time":"2021-07-30T14:42:00+00:00","article_modified_time":"2021-08-08T23:55:07+00:00","og_image":[{"width":892,"height":513,"url":"https:\/\/s3.amazonaws.com\/wordpress.shortform.com\/blog\/wp-content\/uploads\/2021\/08\/brene-brown-TED.jpg","type":"image\/jpeg"}],"author":"Hannah Aster","twitter_card":"summary_large_image","twitter_misc":{"Written by":"Hannah Aster","Est. reading time":"6 minutes"},"schema":{"@context":"https:\/\/schema.org","@graph":[{"@type":"Article","@id":"https:\/\/www.shortform.com\/blog\/the-power-of-vulnerability-ted-talk\/#article","isPartOf":{"@id":"https:\/\/www.shortform.com\/blog\/the-power-of-vulnerability-ted-talk\/"},"author":{"name":"Hannah Aster","@id":"https:\/\/www.shortform.com\/blog\/#\/schema\/person\/f39f52830e4f7039a16e45d12354542f"},"headline":"Bren\u00e9 Brown: The Power of Vulnerability TED Talk","datePublished":"2021-07-30T14:42:00+00:00","dateModified":"2021-08-08T23:55:07+00:00","mainEntityOfPage":{"@id":"https:\/\/www.shortform.com\/blog\/the-power-of-vulnerability-ted-talk\/"},"wordCount":1388,"commentCount":0,"publisher":{"@id":"https:\/\/www.shortform.com\/blog\/#organization"},"image":{"@id":"https:\/\/www.shortform.com\/blog\/the-power-of-vulnerability-ted-talk\/#primaryimage"},"thumbnailUrl":"https:\/\/www.shortform.com\/blog\/wp-content\/uploads\/2021\/08\/brene-brown-TED.jpg","keywords":["The Power of Vulnerability"],"articleSection":["Books","Motivation","Self-Improvement"],"inLanguage":"en-US","potentialAction":[{"@type":"CommentAction","name":"Comment","target":["https:\/\/www.shortform.com\/blog\/the-power-of-vulnerability-ted-talk\/#respond"]}]},{"@type":"WebPage","@id":"https:\/\/www.shortform.com\/blog\/the-power-of-vulnerability-ted-talk\/","url":"https:\/\/www.shortform.com\/blog\/the-power-of-vulnerability-ted-talk\/","name":"Bren\u00e9 Brown: The Power of Vulnerability TED Talk - Shortform Books","isPartOf":{"@id":"https:\/\/www.shortform.com\/blog\/#website"},"primaryImageOfPage":{"@id":"https:\/\/www.shortform.com\/blog\/the-power-of-vulnerability-ted-talk\/#primaryimage"},"image":{"@id":"https:\/\/www.shortform.com\/blog\/the-power-of-vulnerability-ted-talk\/#primaryimage"},"thumbnailUrl":"https:\/\/www.shortform.com\/blog\/wp-content\/uploads\/2021\/08\/brene-brown-TED.jpg","datePublished":"2021-07-30T14:42:00+00:00","dateModified":"2021-08-08T23:55:07+00:00","description":"In Bren\u00e9 Brown's TED Talk \"The Power of Vulnerability,\" Brown discusses vulnerability, shame, and wholehearted living. Here's an overview.","breadcrumb":{"@id":"https:\/\/www.shortform.com\/blog\/the-power-of-vulnerability-ted-talk\/#breadcrumb"},"inLanguage":"en-US","potentialAction":[{"@type":"ReadAction","target":["https:\/\/www.shortform.com\/blog\/the-power-of-vulnerability-ted-talk\/"]}]},{"@type":"ImageObject","inLanguage":"en-US","@id":"https:\/\/www.shortform.com\/blog\/the-power-of-vulnerability-ted-talk\/#primaryimage","url":"https:\/\/www.shortform.com\/blog\/wp-content\/uploads\/2021\/08\/brene-brown-TED.jpg","contentUrl":"https:\/\/www.shortform.com\/blog\/wp-content\/uploads\/2021\/08\/brene-brown-TED.jpg","width":892,"height":513},{"@type":"BreadcrumbList","@id":"https:\/\/www.shortform.com\/blog\/the-power-of-vulnerability-ted-talk\/#breadcrumb","itemListElement":[{"@type":"ListItem","position":1,"name":"Home","item":"https:\/\/www.shortform.com\/blog\/"},{"@type":"ListItem","position":2,"name":"Bren\u00e9 Brown: The Power of Vulnerability TED Talk"}]},{"@type":"WebSite","@id":"https:\/\/www.shortform.com\/blog\/#website","url":"https:\/\/www.shortform.com\/blog\/","name":"Shortform Books","description":"The World&#039;s Best Book Summaries","publisher":{"@id":"https:\/\/www.shortform.com\/blog\/#organization"},"potentialAction":[{"@type":"SearchAction","target":{"@type":"EntryPoint","urlTemplate":"https:\/\/www.shortform.com\/blog\/?s={search_term_string}"},"query-input":{"@type":"PropertyValueSpecification","valueRequired":true,"valueName":"search_term_string"}}],"inLanguage":"en-US"},{"@type":"Organization","@id":"https:\/\/www.shortform.com\/blog\/#organization","name":"Shortform Books","url":"https:\/\/www.shortform.com\/blog\/","logo":{"@type":"ImageObject","inLanguage":"en-US","@id":"https:\/\/www.shortform.com\/blog\/#\/schema\/logo\/image\/","url":"https:\/\/www.shortform.com\/blog\/wp-content\/uploads\/2019\/06\/logo-equilateral-with-text-no-bg.png","contentUrl":"https:\/\/www.shortform.com\/blog\/wp-content\/uploads\/2019\/06\/logo-equilateral-with-text-no-bg.png","width":500,"height":74,"caption":"Shortform Books"},"image":{"@id":"https:\/\/www.shortform.com\/blog\/#\/schema\/logo\/image\/"}},{"@type":"Person","@id":"https:\/\/www.shortform.com\/blog\/#\/schema\/person\/f39f52830e4f7039a16e45d12354542f","name":"Hannah Aster","image":{"@type":"ImageObject","inLanguage":"en-US","@id":"https:\/\/www.shortform.com\/blog\/#\/schema\/person\/image\/","url":"https:\/\/secure.gravatar.com\/avatar\/0302cb2690b70a21639bc6873e587f42d39d02385b7e59d8efd0d3e000ae7681?s=96&d=mm&r=g","contentUrl":"https:\/\/secure.gravatar.com\/avatar\/0302cb2690b70a21639bc6873e587f42d39d02385b7e59d8efd0d3e000ae7681?s=96&d=mm&r=g","caption":"Hannah Aster"},"description":"Hannah is a seasoned writer and editor who started her journey with Shortform nearly five years ago. She grew up reading mostly fiction books but transitioned to non-fiction writing when she started her travel website in 2018. When she's not writing or traveling, you can find Hannah working on home reno projects, crafting, or taking care of plants.","knowsAbout":["Graduated summa cum laude with a bachelor's degree in English and minors in professional and creative writing"],"jobTitle":"SEO Team Lead","worksFor":"Shortform","url":"https:\/\/www.shortform.com\/blog\/author\/hannah\/"}]}},"jetpack_sharing_enabled":true,"jetpack_featured_media_url":"https:\/\/www.shortform.com\/blog\/wp-content\/uploads\/2021\/08\/brene-brown-TED.jpg","_links":{"self":[{"href":"https:\/\/www.shortform.com\/blog\/wp-json\/wp\/v2\/posts\/44188","targetHints":{"allow":["GET"]}}],"collection":[{"href":"https:\/\/www.shortform.com\/blog\/wp-json\/wp\/v2\/posts"}],"about":[{"href":"https:\/\/www.shortform.com\/blog\/wp-json\/wp\/v2\/types\/post"}],"author":[{"embeddable":true,"href":"https:\/\/www.shortform.com\/blog\/wp-json\/wp\/v2\/users\/8"}],"replies":[{"embeddable":true,"href":"https:\/\/www.shortform.com\/blog\/wp-json\/wp\/v2\/comments?post=44188"}],"version-history":[{"count":4,"href":"https:\/\/www.shortform.com\/blog\/wp-json\/wp\/v2\/posts\/44188\/revisions"}],"predecessor-version":[{"id":44852,"href":"https:\/\/www.shortform.com\/blog\/wp-json\/wp\/v2\/posts\/44188\/revisions\/44852"}],"wp:featuredmedia":[{"embeddable":true,"href":"https:\/\/www.shortform.com\/blog\/wp-json\/wp\/v2\/media\/44234"}],"wp:attachment":[{"href":"https:\/\/www.shortform.com\/blog\/wp-json\/wp\/v2\/media?parent=44188"}],"wp:term":[{"taxonomy":"category","embeddable":true,"href":"https:\/\/www.shortform.com\/blog\/wp-json\/wp\/v2\/categories?post=44188"},{"taxonomy":"post_tag","embeddable":true,"href":"https:\/\/www.shortform.com\/blog\/wp-json\/wp\/v2\/tags?post=44188"}],"curies":[{"name":"wp","href":"https:\/\/api.w.org\/{rel}","templated":true}]}}